{"id":771,"date":"2026-04-30T18:43:18","date_gmt":"2026-04-30T21:43:18","guid":{"rendered":"https:\/\/severodacosta.com.br\/?p=771"},"modified":"2026-04-30T18:43:18","modified_gmt":"2026-04-30T21:43:18","slug":"reforma-tributaria-publicados-os-regulamentos-da-cbs-e-do-ibs","status":"publish","type":"post","link":"https:\/\/severodacosta.com.br\/en\/reforma-tributaria-publicados-os-regulamentos-da-cbs-e-do-ibs\/","title":{"rendered":"(PT) Reforma Tribut\u00e1ria: publicados os regulamentos da CBS e do IBS"},"content":{"rendered":"<p class=\"qtranxs-available-languages-message qtranxs-available-languages-message-en\">Sorry, this entry is only available in <a href=\"https:\/\/severodacosta.com.br\/pb\/wp-json\/wp\/v2\/posts\/771\" class=\"qtranxs-available-language-link qtranxs-available-language-link-pb\" title=\"PT\">PT<\/a>.<\/p>","protected":false},"excerpt":{"rendered":"<p>Sorry, this entry is only available in PT.<\/p>\n","protected":false},"author":3,"featured_media":773,"comment_status":"closed","ping_status":"closed","sticky":false,"template":"","format":"standard","meta":{"_acf_changed":false,"footnotes":""},"categories":[7],"tags":[9],"class_list":["post-771","post","type-post","status-publish","format-standard","has-post-thumbnail","hentry","category-comunicado","tag-tributario"],"acf":[],"yoast_head":"<!-- This site is optimized with the Yoast SEO plugin v27.4 - https:\/\/yoast.com\/product\/yoast-seo-wordpress\/ -->\n<title>(PT) Reforma Tribut\u00e1ria: publicados os regulamentos da CBS e do IBS - Severo<\/title>\n<meta name=\"description\" content=\"No dia 30 de abril de 2026, o cen\u00e1rio tribut\u00e1rio brasileiro alcan\u00e7ou um marco decisivo. O Governo Federal e o Comit\u00ea Gestor do IBS publicaram, em conjunto, os regulamentos que disciplinam os dois tributos centrais do novo IVA (Imposto sobre Valor Agregado) dual: a Contribui\u00e7\u00e3o sobre Bens e Servi\u00e7os (CBS) e o Imposto sobre Bens e Servi\u00e7os (IBS).\" \/>\n<meta name=\"robots\" content=\"index, follow, max-snippet:-1, max-image-preview:large, max-video-preview:-1\" \/>\n<link rel=\"canonical\" href=\"https:\/\/severodacosta.com.br\/en\/reforma-tributaria-publicados-os-regulamentos-da-cbs-e-do-ibs\/\" \/>\n<meta property=\"og:locale\" content=\"en_US\" \/>\n<meta property=\"og:type\" content=\"article\" \/>\n<meta property=\"og:title\" content=\"(PT) Reforma Tribut\u00e1ria: publicados os regulamentos da CBS e do IBS - Severo\" \/>\n<meta property=\"og:description\" content=\"No dia 30 de abril de 2026, o cen\u00e1rio tribut\u00e1rio brasileiro alcan\u00e7ou um marco decisivo. O Governo Federal e o Comit\u00ea Gestor do IBS publicaram, em conjunto, os regulamentos que disciplinam os dois tributos centrais do novo IVA (Imposto sobre Valor Agregado) dual: a Contribui\u00e7\u00e3o sobre Bens e Servi\u00e7os (CBS) e o Imposto sobre Bens e Servi\u00e7os (IBS).\" \/>\n<meta property=\"og:url\" content=\"https:\/\/severodacosta.com.br\/en\/reforma-tributaria-publicados-os-regulamentos-da-cbs-e-do-ibs\/\" \/>\n<meta property=\"og:site_name\" content=\"Severo\" \/>\n<meta property=\"article:published_time\" content=\"2026-04-30T21:43:18+00:00\" \/>\n<meta property=\"og:image\" content=\"https:\/\/severodacosta.com.br\/wp-content\/uploads\/2026\/04\/NAO-APAGAR-2-1-1024x682.png\" \/>\n\t<meta property=\"og:image:width\" content=\"1024\" \/>\n\t<meta property=\"og:image:height\" content=\"682\" \/>\n\t<meta property=\"og:image:type\" content=\"image\/png\" \/>\n<meta name=\"author\" content=\"severo\" \/>\n<meta name=\"twitter:card\" content=\"summary_large_image\" \/>\n<meta name=\"twitter:label1\" content=\"Written by\" \/>\n\t<meta name=\"twitter:data1\" content=\"severo\" \/>\n\t<meta name=\"twitter:label2\" content=\"Est. reading time\" \/>\n\t<meta name=\"twitter:data2\" content=\"4 minutes\" \/>\n<script type=\"application\/ld+json\" class=\"yoast-schema-graph\">{\"@context\":\"https:\\\/\\\/schema.org\",\"@graph\":[{\"@type\":\"Article\",\"@id\":\"https:\\\/\\\/severodacosta.com.br\\\/reforma-tributaria-publicados-os-regulamentos-da-cbs-e-do-ibs\\\/#article\",\"isPartOf\":{\"@id\":\"https:\\\/\\\/severodacosta.com.br\\\/reforma-tributaria-publicados-os-regulamentos-da-cbs-e-do-ibs\\\/\"},\"author\":{\"name\":\"severo\",\"@id\":\"https:\\\/\\\/severodacosta.com.br\\\/en\\\/#\\\/schema\\\/person\\\/0fa1be26bcd194d112b838f34d5ec85f\"},\"headline\":\"(PT) Reforma Tribut\u00e1ria: publicados os regulamentos da CBS e do IBS\",\"datePublished\":\"2026-04-30T21:43:18+00:00\",\"mainEntityOfPage\":{\"@id\":\"https:\\\/\\\/severodacosta.com.br\\\/reforma-tributaria-publicados-os-regulamentos-da-cbs-e-do-ibs\\\/\"},\"wordCount\":623,\"image\":{\"@id\":\"https:\\\/\\\/severodacosta.com.br\\\/reforma-tributaria-publicados-os-regulamentos-da-cbs-e-do-ibs\\\/#primaryimage\"},\"thumbnailUrl\":\"https:\\\/\\\/severodacosta.com.br\\\/wp-content\\\/uploads\\\/2026\\\/04\\\/NAO-APAGAR-2-1.png\",\"keywords\":[\"Tribut\u00e1rio\"],\"articleSection\":[\"Comunicado\"],\"inLanguage\":\"en-US\"},{\"@type\":\"WebPage\",\"@id\":\"https:\\\/\\\/severodacosta.com.br\\\/en\\\/reforma-tributaria-publicados-os-regulamentos-da-cbs-e-do-ibs\\\/\",\"url\":\"https:\\\/\\\/severodacosta.com.br\\\/en\\\/reforma-tributaria-publicados-os-regulamentos-da-cbs-e-do-ibs\\\/\",\"name\":\"(PT) Reforma Tribut\u00e1ria: publicados os regulamentos da CBS e do IBS - Severo\",\"isPartOf\":{\"@id\":\"https:\\\/\\\/severodacosta.com.br\\\/en\\\/#website\"},\"primaryImageOfPage\":{\"@id\":\"https:\\\/\\\/severodacosta.com.br\\\/en\\\/reforma-tributaria-publicados-os-regulamentos-da-cbs-e-do-ibs\\\/#primaryimage\"},\"image\":{\"@id\":\"https:\\\/\\\/severodacosta.com.br\\\/reforma-tributaria-publicados-os-regulamentos-da-cbs-e-do-ibs\\\/#primaryimage\"},\"thumbnailUrl\":\"https:\\\/\\\/severodacosta.com.br\\\/wp-content\\\/uploads\\\/2026\\\/04\\\/NAO-APAGAR-2-1.png\",\"datePublished\":\"2026-04-30T21:43:18+00:00\",\"author\":{\"@id\":\"https:\\\/\\\/severodacosta.com.br\\\/en\\\/#\\\/schema\\\/person\\\/0fa1be26bcd194d112b838f34d5ec85f\"},\"description\":\"No dia 30 de abril de 2026, o cen\u00e1rio tribut\u00e1rio brasileiro alcan\u00e7ou um marco decisivo. O Governo Federal e o Comit\u00ea Gestor do IBS publicaram, em conjunto, os regulamentos que disciplinam os dois tributos centrais do novo IVA (Imposto sobre Valor Agregado) dual: a Contribui\u00e7\u00e3o sobre Bens e Servi\u00e7os (CBS) e o Imposto sobre Bens e Servi\u00e7os (IBS).\",\"breadcrumb\":{\"@id\":\"https:\\\/\\\/severodacosta.com.br\\\/en\\\/reforma-tributaria-publicados-os-regulamentos-da-cbs-e-do-ibs\\\/#breadcrumb\"},\"inLanguage\":\"en-US\",\"potentialAction\":[{\"@type\":\"ReadAction\",\"target\":[[\"https:\\\/\\\/severodacosta.com.br\\\/en\\\/reforma-tributaria-publicados-os-regulamentos-da-cbs-e-do-ibs\\\/\"]]}]},{\"@type\":\"ImageObject\",\"inLanguage\":\"en-US\",\"@id\":\"https:\\\/\\\/severodacosta.com.br\\\/en\\\/reforma-tributaria-publicados-os-regulamentos-da-cbs-e-do-ibs\\\/#primaryimage\",\"url\":\"https:\\\/\\\/severodacosta.com.br\\\/wp-content\\\/uploads\\\/2026\\\/04\\\/NAO-APAGAR-2-1.png\",\"contentUrl\":\"https:\\\/\\\/severodacosta.com.br\\\/wp-content\\\/uploads\\\/2026\\\/04\\\/NAO-APAGAR-2-1.png\",\"width\":2000,\"height\":1333},{\"@type\":\"BreadcrumbList\",\"@id\":\"https:\\\/\\\/severodacosta.com.br\\\/en\\\/reforma-tributaria-publicados-os-regulamentos-da-cbs-e-do-ibs\\\/#breadcrumb\",\"itemListElement\":[{\"@type\":\"ListItem\",\"position\":1,\"name\":\"In\u00edcio\",\"item\":\"https:\\\/\\\/severodacosta.com.br\\\/en\\\/\"},{\"@type\":\"ListItem\",\"position\":2,\"name\":\"Reforma Tribut\u00e1ria: publicados os regulamentos da CBS e do IBS\"}]},{\"@type\":\"WebSite\",\"@id\":\"https:\\\/\\\/severodacosta.com.br\\\/en\\\/#website\",\"url\":\"https:\\\/\\\/severodacosta.com.br\\\/en\\\/\",\"name\":\"Severo\",\"description\":\"\",\"potentialAction\":[{\"@type\":\"SearchAction\",\"target\":{\"@type\":\"EntryPoint\",\"urlTemplate\":\"https:\\\/\\\/severodacosta.com.br\\\/en\\\/?s={search_term_string}\"},\"query-input\":{\"@type\":\"PropertyValueSpecification\",\"valueRequired\":true,\"valueName\":\"search_term_string\"}}],\"inLanguage\":\"en-US\"},{\"@type\":\"Person\",\"@id\":\"https:\\\/\\\/severodacosta.com.br\\\/en\\\/#\\\/schema\\\/person\\\/0fa1be26bcd194d112b838f34d5ec85f\",\"name\":\"severo\",\"image\":{\"@type\":\"ImageObject\",\"inLanguage\":\"en-US\",\"@id\":\"https:\\\/\\\/secure.gravatar.com\\\/avatar\\\/14efee0f6d06c2959c1a1f6fdbe03479c696e40331c48f0c5d6fda661d000169?s=96&d=mm&r=g\",\"url\":\"https:\\\/\\\/secure.gravatar.com\\\/avatar\\\/14efee0f6d06c2959c1a1f6fdbe03479c696e40331c48f0c5d6fda661d000169?s=96&d=mm&r=g\",\"contentUrl\":\"https:\\\/\\\/secure.gravatar.com\\\/avatar\\\/14efee0f6d06c2959c1a1f6fdbe03479c696e40331c48f0c5d6fda661d000169?s=96&d=mm&r=g\",\"caption\":\"severo\"},\"url\":\"https:\\\/\\\/severodacosta.com.br\\\/en\\\/author\\\/severo\\\/\"}]}<\/script>\n<!-- \/ Yoast SEO plugin. -->","yoast_head_json":{"title":"(PT) Reforma Tribut\u00e1ria: publicados os regulamentos da CBS e do IBS - Severo","description":"No dia 30 de abril de 2026, o cen\u00e1rio tribut\u00e1rio brasileiro alcan\u00e7ou um marco decisivo. O Governo Federal e o Comit\u00ea Gestor do IBS publicaram, em conjunto, os regulamentos que disciplinam os dois tributos centrais do novo IVA (Imposto sobre Valor Agregado) dual: a Contribui\u00e7\u00e3o sobre Bens e Servi\u00e7os (CBS) e o Imposto sobre Bens e Servi\u00e7os (IBS).","robots":{"index":"index","follow":"follow","max-snippet":"max-snippet:-1","max-image-preview":"max-image-preview:large","max-video-preview":"max-video-preview:-1"},"canonical":"https:\/\/severodacosta.com.br\/en\/reforma-tributaria-publicados-os-regulamentos-da-cbs-e-do-ibs\/","og_locale":"en_US","og_type":"article","og_title":"(PT) Reforma Tribut\u00e1ria: publicados os regulamentos da CBS e do IBS - Severo","og_description":"No dia 30 de abril de 2026, o cen\u00e1rio tribut\u00e1rio brasileiro alcan\u00e7ou um marco decisivo. O Governo Federal e o Comit\u00ea Gestor do IBS publicaram, em conjunto, os regulamentos que disciplinam os dois tributos centrais do novo IVA (Imposto sobre Valor Agregado) dual: a Contribui\u00e7\u00e3o sobre Bens e Servi\u00e7os (CBS) e o Imposto sobre Bens e Servi\u00e7os (IBS).","og_url":"https:\/\/severodacosta.com.br\/en\/reforma-tributaria-publicados-os-regulamentos-da-cbs-e-do-ibs\/","og_site_name":"Severo","article_published_time":"2026-04-30T21:43:18+00:00","og_image":[{"width":1024,"height":682,"url":"https:\/\/severodacosta.com.br\/wp-content\/uploads\/2026\/04\/NAO-APAGAR-2-1-1024x682.png","type":"image\/png"}],"author":"severo","twitter_card":"summary_large_image","twitter_misc":{"Written by":"severo","Est. reading time":"4 minutes"},"schema":{"@context":"https:\/\/schema.org","@graph":[{"@type":"Article","@id":"https:\/\/severodacosta.com.br\/reforma-tributaria-publicados-os-regulamentos-da-cbs-e-do-ibs\/#article","isPartOf":{"@id":"https:\/\/severodacosta.com.br\/reforma-tributaria-publicados-os-regulamentos-da-cbs-e-do-ibs\/"},"author":{"name":"severo","@id":"https:\/\/severodacosta.com.br\/en\/#\/schema\/person\/0fa1be26bcd194d112b838f34d5ec85f"},"headline":"(PT) Reforma Tribut\u00e1ria: publicados os regulamentos da CBS e do IBS","datePublished":"2026-04-30T21:43:18+00:00","mainEntityOfPage":{"@id":"https:\/\/severodacosta.com.br\/reforma-tributaria-publicados-os-regulamentos-da-cbs-e-do-ibs\/"},"wordCount":623,"image":{"@id":"https:\/\/severodacosta.com.br\/reforma-tributaria-publicados-os-regulamentos-da-cbs-e-do-ibs\/#primaryimage"},"thumbnailUrl":"https:\/\/severodacosta.com.br\/wp-content\/uploads\/2026\/04\/NAO-APAGAR-2-1.png","keywords":["Tribut\u00e1rio"],"articleSection":["Comunicado"],"inLanguage":"en-US"},{"@type":"WebPage","@id":"https:\/\/severodacosta.com.br\/en\/reforma-tributaria-publicados-os-regulamentos-da-cbs-e-do-ibs\/","url":"https:\/\/severodacosta.com.br\/en\/reforma-tributaria-publicados-os-regulamentos-da-cbs-e-do-ibs\/","name":"(PT) Reforma Tribut\u00e1ria: publicados os regulamentos da CBS e do IBS - Severo","isPartOf":{"@id":"https:\/\/severodacosta.com.br\/en\/#website"},"primaryImageOfPage":{"@id":"https:\/\/severodacosta.com.br\/en\/reforma-tributaria-publicados-os-regulamentos-da-cbs-e-do-ibs\/#primaryimage"},"image":{"@id":"https:\/\/severodacosta.com.br\/reforma-tributaria-publicados-os-regulamentos-da-cbs-e-do-ibs\/#primaryimage"},"thumbnailUrl":"https:\/\/severodacosta.com.br\/wp-content\/uploads\/2026\/04\/NAO-APAGAR-2-1.png","datePublished":"2026-04-30T21:43:18+00:00","author":{"@id":"https:\/\/severodacosta.com.br\/en\/#\/schema\/person\/0fa1be26bcd194d112b838f34d5ec85f"},"description":"No dia 30 de abril de 2026, o cen\u00e1rio tribut\u00e1rio brasileiro alcan\u00e7ou um marco decisivo. O Governo Federal e o Comit\u00ea Gestor do IBS publicaram, em conjunto, os regulamentos que disciplinam os dois tributos centrais do novo IVA (Imposto sobre Valor Agregado) dual: a Contribui\u00e7\u00e3o sobre Bens e Servi\u00e7os (CBS) e o Imposto sobre Bens e Servi\u00e7os (IBS).","breadcrumb":{"@id":"https:\/\/severodacosta.com.br\/en\/reforma-tributaria-publicados-os-regulamentos-da-cbs-e-do-ibs\/#breadcrumb"},"inLanguage":"en-US","potentialAction":[{"@type":"ReadAction","target":[["https:\/\/severodacosta.com.br\/en\/reforma-tributaria-publicados-os-regulamentos-da-cbs-e-do-ibs\/"]]}]},{"@type":"ImageObject","inLanguage":"en-US","@id":"https:\/\/severodacosta.com.br\/en\/reforma-tributaria-publicados-os-regulamentos-da-cbs-e-do-ibs\/#primaryimage","url":"https:\/\/severodacosta.com.br\/wp-content\/uploads\/2026\/04\/NAO-APAGAR-2-1.png","contentUrl":"https:\/\/severodacosta.com.br\/wp-content\/uploads\/2026\/04\/NAO-APAGAR-2-1.png","width":2000,"height":1333},{"@type":"BreadcrumbList","@id":"https:\/\/severodacosta.com.br\/en\/reforma-tributaria-publicados-os-regulamentos-da-cbs-e-do-ibs\/#breadcrumb","itemListElement":[{"@type":"ListItem","position":1,"name":"In\u00edcio","item":"https:\/\/severodacosta.com.br\/en\/"},{"@type":"ListItem","position":2,"name":"Reforma Tribut\u00e1ria: publicados os regulamentos da CBS e do IBS"}]},{"@type":"WebSite","@id":"https:\/\/severodacosta.com.br\/en\/#website","url":"https:\/\/severodacosta.com.br\/en\/","name":"Severo","description":"","potentialAction":[{"@type":"SearchAction","target":{"@type":"EntryPoint","urlTemplate":"https:\/\/severodacosta.com.br\/en\/?s={search_term_string}"},"query-input":{"@type":"PropertyValueSpecification","valueRequired":true,"valueName":"search_term_string"}}],"inLanguage":"en-US"},{"@type":"Person","@id":"https:\/\/severodacosta.com.br\/en\/#\/schema\/person\/0fa1be26bcd194d112b838f34d5ec85f","name":"severo","image":{"@type":"ImageObject","inLanguage":"en-US","@id":"https:\/\/secure.gravatar.com\/avatar\/14efee0f6d06c2959c1a1f6fdbe03479c696e40331c48f0c5d6fda661d000169?s=96&d=mm&r=g","url":"https:\/\/secure.gravatar.com\/avatar\/14efee0f6d06c2959c1a1f6fdbe03479c696e40331c48f0c5d6fda661d000169?s=96&d=mm&r=g","contentUrl":"https:\/\/secure.gravatar.com\/avatar\/14efee0f6d06c2959c1a1f6fdbe03479c696e40331c48f0c5d6fda661d000169?s=96&d=mm&r=g","caption":"severo"},"url":"https:\/\/severodacosta.com.br\/en\/author\/severo\/"}]}},"_links":{"self":[{"href":"https:\/\/severodacosta.com.br\/en\/wp-json\/wp\/v2\/posts\/771","targetHints":{"allow":["GET"]}}],"collection":[{"href":"https:\/\/severodacosta.com.br\/en\/wp-json\/wp\/v2\/posts"}],"about":[{"href":"https:\/\/severodacosta.com.br\/en\/wp-json\/wp\/v2\/types\/post"}],"author":[{"embeddable":true,"href":"https:\/\/severodacosta.com.br\/en\/wp-json\/wp\/v2\/users\/3"}],"replies":[{"embeddable":true,"href":"https:\/\/severodacosta.com.br\/en\/wp-json\/wp\/v2\/comments?post=771"}],"version-history":[{"count":0,"href":"https:\/\/severodacosta.com.br\/en\/wp-json\/wp\/v2\/posts\/771\/revisions"}],"wp:featuredmedia":[{"embeddable":true,"href":"https:\/\/severodacosta.com.br\/en\/wp-json\/wp\/v2\/media\/773"}],"wp:attachment":[{"href":"https:\/\/severodacosta.com.br\/en\/wp-json\/wp\/v2\/media?parent=771"}],"wp:term":[{"taxonomy":"category","embeddable":true,"href":"https:\/\/severodacosta.com.br\/en\/wp-json\/wp\/v2\/categories?post=771"},{"taxonomy":"post_tag","embeddable":true,"href":"https:\/\/severodacosta.com.br\/en\/wp-json\/wp\/v2\/tags?post=771"}],"curies":[{"name":"wp","href":"https:\/\/api.w.org\/{rel}","templated":true}]}}